{"id":13185,"date":"2021-07-30T18:08:18","date_gmt":"2021-07-30T17:08:18","guid":{"rendered":"https:\/\/grupoquero.pt\/loja\/?p=13185"},"modified":"2026-03-28T10:33:05","modified_gmt":"2026-03-28T10:33:05","slug":"configuracao-de-conta-de-mail-profissional-no-outlook","status":"publish","type":"post","link":"https:\/\/grupoquero.pt\/loja\/configuracao-de-conta-de-mail-profissional-no-outlook\/","title":{"rendered":"Configura\u00e7\u00e3o de Conta de Mail Profissional no Outlook"},"content":{"rendered":"<p><em>Para proceder \u00e0 configura\u00e7\u00e3o de conta de email em cliente de email Outlook dever\u00e1 seguir os passos abaixo apresentados:<\/em><\/p>\n<p><em><strong>1)<\/strong> abrir o Outlook<\/em><\/p>\n<p><img fetchpriority=\"high\" decoding=\"async\" class=\"alignnone wp-image-13199 size-full\" src=\"https:\/\/grupoquero.pt\/loja\/wp-content\/uploads\/outlook-1.jpg\" alt=\"\" width=\"1149\" height=\"490\" srcset=\"https:\/\/grupoquero.pt\/loja\/wp-content\/uploads\/outlook-1.jpg 1149w, https:\/\/grupoquero.pt\/loja\/wp-content\/uploads\/outlook-1-600x256.jpg 600w, https:\/\/grupoquero.pt\/loja\/wp-content\/uploads\/outlook-1-300x128.jpg 300w, https:\/\/grupoquero.pt\/loja\/wp-content\/uploads\/outlook-1-1024x437.jpg 1024w, https:\/\/grupoquero.pt\/loja\/wp-content\/uploads\/outlook-1-768x328.jpg 768w\" sizes=\"(max-width: 1149px) 100vw, 1149px\" \/><\/p>\n<p>&nbsp;<\/p>\n<p><em><strong>2)<\/strong> Mudar para o MENU\u00a0 &#8220;FILE&#8221; \/ Info \/ + ADICIONAR CONTA<\/em><\/p>\n<p><img decoding=\"async\" class=\"alignnone wp-image-13200 size-full\" src=\"https:\/\/grupoquero.pt\/loja\/wp-content\/uploads\/outlook-2.jpg\" alt=\"\" width=\"784\" height=\"534\" srcset=\"https:\/\/grupoquero.pt\/loja\/wp-content\/uploads\/outlook-2.jpg 784w, https:\/\/grupoquero.pt\/loja\/wp-content\/uploads\/outlook-2-600x409.jpg 600w, https:\/\/grupoquero.pt\/loja\/wp-content\/uploads\/outlook-2-300x204.jpg 300w, https:\/\/grupoquero.pt\/loja\/wp-content\/uploads\/outlook-2-768x523.jpg 768w\" sizes=\"(max-width: 784px) 100vw, 784px\" \/><\/p>\n<p>&nbsp;<\/p>\n<p><em><strong>3)<\/strong> Na nova janela, adicione o seu mail profissional (<strong>+AddAccount<\/strong>)<\/em><br \/>\n<em><strong>exemplo:<\/strong> geral@dominio.tld<\/em><\/p>\n<p><em>(Dever\u00e1 substituir \u201cdominio.tld\u201d pelo seu dom\u00ednio)<\/em><br \/>\n<em>Selecione a op\u00e7\u00e3o \u201cConfigura\u00e7\u00e3o manual ou tipos de servidores adicionais\u201d<\/em><\/p>\n<p><img decoding=\"async\" class=\"alignnone wp-image-13201 size-full\" src=\"https:\/\/grupoquero.pt\/loja\/wp-content\/uploads\/outlook-3.jpg\" alt=\"\" width=\"795\" height=\"547\" srcset=\"https:\/\/grupoquero.pt\/loja\/wp-content\/uploads\/outlook-3.jpg 795w, https:\/\/grupoquero.pt\/loja\/wp-content\/uploads\/outlook-3-600x413.jpg 600w, https:\/\/grupoquero.pt\/loja\/wp-content\/uploads\/outlook-3-300x206.jpg 300w, https:\/\/grupoquero.pt\/loja\/wp-content\/uploads\/outlook-3-768x528.jpg 768w\" sizes=\"(max-width: 795px) 100vw, 795px\" \/><\/p>\n<p>&nbsp;<\/p>\n<p><em><strong>4)<\/strong> Na seguinte janela, selecione\u00a0POP\u00a0ou\u00a0IMAP e Preencha os dados solicitados:<\/em><br \/>\n<em><strong>Obs.<\/strong><\/em><br \/>\n<em><strong>Tipo de conta:<\/strong><\/em><br \/>\n<em><strong>Pop3:<\/strong> caso pretenda que os emails sejam descarregados para o equipamento onde est\u00e1 a configurar a conta<\/em><br \/>\n<em><strong>IMAP:<\/strong>\u00a0Caso pretenda que os emails se mantenham no servidor de origem, permitindo assim a sua consulta por dispositivos diferentes.<\/em><\/p>\n<p><em>Vamos seguir com a op\u00e7\u00e3o IMAP<\/em><\/p>\n<p><img loading=\"lazy\" decoding=\"async\" class=\"alignnone size-full wp-image-13202\" src=\"https:\/\/grupoquero.pt\/loja\/wp-content\/uploads\/outlook-4.jpg\" alt=\"\" width=\"800\" height=\"552\" srcset=\"https:\/\/grupoquero.pt\/loja\/wp-content\/uploads\/outlook-4.jpg 800w, https:\/\/grupoquero.pt\/loja\/wp-content\/uploads\/outlook-4-600x414.jpg 600w, https:\/\/grupoquero.pt\/loja\/wp-content\/uploads\/outlook-4-300x207.jpg 300w, https:\/\/grupoquero.pt\/loja\/wp-content\/uploads\/outlook-4-768x530.jpg 768w\" sizes=\"(max-width: 800px) 100vw, 800px\" \/><\/p>\n<p>&nbsp;<\/p>\n<p><em><strong>5)<\/strong> Nesta janela, adicione as informa\u00e7\u00f5es solicitadas, com base nos campos j\u00e1 preenchidos -exemplo- da imagem seguinte:<\/em><br \/>\n<em><span style=\"color: #ff0000;\"><strong>Obs.<\/strong><\/span><\/em><br \/>\n<em>\u2022 Altere o n\u00edvel de encripta\u00e7\u00e3o das duas op\u00e7\u00f5es para \u201cSSL\/TLS\u201c<\/em><br \/>\n<em>\u2022 Caso n\u00e3o pretenda utilizar uma liga\u00e7\u00e3o encriptada, deixe a op\u00e7\u00e3o \u201cNenhum\u201d nas caixas de escolha<\/em><br \/>\n<em>\u2022 N\u00e3o se esque\u00e7a de alterar os n\u00fameros das portas:<\/em><br \/>\n<em><strong>\u00a0 \u00a0 \u00a0 \u00a0 \u00a0 \u00a0 \u00a0 \u201cServidor de rece\u00e7\u00e3o (IMAP)\u201d<\/strong>\u00a0para\u00a0<strong>993<\/strong>\u00a0 \u00a0e<\/em><br \/>\n<em><strong>\u00a0 \u00a0 \u00a0 \u00a0 \u00a0 \u00a0 \u00a0 \u201cServidor de envio (SMTP)\u201d<\/strong>\u00a0para\u00a0<strong>465<\/strong><\/em><\/p>\n<p><img loading=\"lazy\" decoding=\"async\" class=\"alignnone size-full wp-image-13203\" src=\"https:\/\/grupoquero.pt\/loja\/wp-content\/uploads\/outlook-5.jpg\" alt=\"\" width=\"801\" height=\"548\" srcset=\"https:\/\/grupoquero.pt\/loja\/wp-content\/uploads\/outlook-5.jpg 801w, https:\/\/grupoquero.pt\/loja\/wp-content\/uploads\/outlook-5-600x410.jpg 600w, https:\/\/grupoquero.pt\/loja\/wp-content\/uploads\/outlook-5-300x205.jpg 300w, https:\/\/grupoquero.pt\/loja\/wp-content\/uploads\/outlook-5-768x525.jpg 768w\" sizes=\"(max-width: 801px) 100vw, 801px\" \/><\/p>\n<p>&nbsp;<\/p>\n<p><em>carregar &#8220;SEGUINTE&#8221;<\/em><\/p>\n<p><em><strong>6)<\/strong> Nesta janela final, e como na janela anterior selecionamos o pedido de senha de acesso, deve adicionar a senha do seu dom\u00ednio.<\/em><\/p>\n<p><em>Clique em\u00a0<strong>\u201cCONECTAR\u201d<\/strong>.<\/em><br \/>\n<em>Ser\u00e1 efetuado o teste de liga\u00e7\u00e3o ao servidor e reportado o estado do mesmo.<\/em><\/p>\n<p><img loading=\"lazy\" decoding=\"async\" class=\"alignnone size-full wp-image-13204\" src=\"https:\/\/grupoquero.pt\/loja\/wp-content\/uploads\/outlook-6.jpg\" alt=\"\" width=\"794\" height=\"549\" srcset=\"https:\/\/grupoquero.pt\/loja\/wp-content\/uploads\/outlook-6.jpg 794w, https:\/\/grupoquero.pt\/loja\/wp-content\/uploads\/outlook-6-600x415.jpg 600w, https:\/\/grupoquero.pt\/loja\/wp-content\/uploads\/outlook-6-300x207.jpg 300w, https:\/\/grupoquero.pt\/loja\/wp-content\/uploads\/outlook-6-768x531.jpg 768w\" sizes=\"(max-width: 794px) 100vw, 794px\" \/><\/p>\n<p>&nbsp;<\/p>\n<p><em><strong>7) Conta Adicionada Com sucesso<\/strong><\/em><\/p>\n<p><img loading=\"lazy\" decoding=\"async\" class=\"alignnone size-full wp-image-13205\" src=\"https:\/\/grupoquero.pt\/loja\/wp-content\/uploads\/outlook-7.jpg\" alt=\"\" width=\"801\" height=\"561\" srcset=\"https:\/\/grupoquero.pt\/loja\/wp-content\/uploads\/outlook-7.jpg 801w, https:\/\/grupoquero.pt\/loja\/wp-content\/uploads\/outlook-7-600x420.jpg 600w, https:\/\/grupoquero.pt\/loja\/wp-content\/uploads\/outlook-7-300x210.jpg 300w, https:\/\/grupoquero.pt\/loja\/wp-content\/uploads\/outlook-7-768x538.jpg 768w, https:\/\/grupoquero.pt\/loja\/wp-content\/uploads\/outlook-7-220x154.jpg 220w\" sizes=\"(max-width: 801px) 100vw, 801px\" \/><\/p>\n<p>&nbsp;<\/p>\n<p><em><span style=\"color: #0000ff;\">A sua conta est\u00e1 agora configurada.<\/span><\/em><\/p>\n<p><em>No mail indicado, na sec\u00e7\u00e3o &#8220;Inbox&#8221;, Caixa de Entrada, ter\u00e1 um mail enviado automaticamente pela Microsoft a dar conta do teste enviado.<\/em><br \/>\n<strong><em><br \/>\n<span style=\"color: #0000ff;\">Microsoft Outlook Test Message<\/span><br \/>\n<span style=\"color: #0000ff;\">&#8220;This is an email message sent automatically by Microsoft Outlook while testing the settings for your account&#8221;.<\/span><\/em><\/strong><\/p>\n<p>&nbsp;<\/p>\n<p><em><strong>Rui Lindeza<br \/>\n<\/strong>queroSITE\u00ae<\/em><br \/>\n<em>part of grupoQUERO\u00ae<\/em><\/p>\n<p>&nbsp;<\/p>\n","protected":false},"excerpt":{"rendered":"<p>Para proceder \u00e0 configura\u00e7\u00e3o de conta de email em cliente de email Outlook dever\u00e1 seguir os passos abaixo apresentados: 1) abrir o Outlook &nbsp; 2) Mudar para o MENU\u00a0 &#8220;FILE&#8221; \/ Info \/ + ADICIONAR CONTA &nbsp; 3) Na nova janela, adicione o seu mail profissional (+AddAccount) exemplo: geral@dominio.tld (Dever\u00e1 substituir \u201cdominio.tld\u201d pelo seu dom\u00ednio) [&hellip;]<\/p>\n","protected":false},"author":113,"featured_media":13190,"comment_status":"closed","ping_status":"closed","sticky":false,"template":"","format":"standard","meta":{"inline_featured_image":false,"site-sidebar-layout":"default","site-content-layout":"","ast-site-content-layout":"default","site-content-style":"default","site-sidebar-style":"default","ast-global-header-display":"","ast-banner-title-visibility":"","ast-main-header-display":"","ast-hfb-above-header-display":"","ast-hfb-below-header-display":"","ast-hfb-mobile-header-display":"","site-post-title":"","ast-breadcrumbs-content":"","ast-featured-img":"","footer-sml-layout":"","ast-disable-related-posts":"","theme-transparent-header-meta":"default","adv-header-id-meta":"","stick-header-meta":"","header-above-stick-meta":"","header-main-stick-meta":"","header-below-stick-meta":"","astra-migrate-meta-layouts":"set","ast-page-background-enabled":"default","ast-page-background-meta":{"desktop":{"background-color":"","background-image":"","background-repeat":"repeat","background-position":"center center","background-size":"auto","background-attachment":"scroll","background-type":"","background-media":"","overlay-type":"","overlay-color":"","overlay-opacity":"","overlay-gradient":""},"tablet":{"background-color":"","background-image":"","background-repeat":"repeat","background-position":"center center","background-size":"auto","background-attachment":"scroll","background-type":"","background-media":"","overlay-type":"","overlay-color":"","overlay-opacity":"","overlay-gradient":""},"mobile":{"background-color":"","background-image":"","background-repeat":"repeat","background-position":"center center","background-size":"auto","background-attachment":"scroll","background-type":"","background-media":"","overlay-type":"","overlay-color":"","overlay-opacity":"","overlay-gradient":""}},"ast-content-background-meta":{"desktop":{"background-color":"var(--ast-global-color-5)","background-image":"","background-repeat":"repeat","background-position":"center center","background-size":"auto","background-attachment":"scroll","background-type":"","background-media":"","overlay-type":"","overlay-color":"","overlay-opacity":"","overlay-gradient":""},"tablet":{"background-color":"var(--ast-global-color-5)","background-image":"","background-repeat":"repeat","background-position":"center center","background-size":"auto","background-attachment":"scroll","background-type":"","background-media":"","overlay-type":"","overlay-color":"","overlay-opacity":"","overlay-gradient":""},"mobile":{"background-color":"var(--ast-global-color-5)","background-image":"","background-repeat":"repeat","background-position":"center center","background-size":"auto","background-attachment":"scroll","background-type":"","background-media":"","overlay-type":"","overlay-color":"","overlay-opacity":"","overlay-gradient":""}},"footnotes":""},"categories":[392,394],"tags":[397,403,404,401,400,399],"class_list":["post-13185","post","type-post","status-publish","format-standard","has-post-thumbnail","hentry","category-e-mail","category-querosite","tag-imap","tag-mail-pessoal","tag-mail-profissional","tag-mailmarketing","tag-outlook","tag-pop3"],"yoast_head":"<!-- This site is optimized with the Yoast SEO plugin v27.5 - https:\/\/yoast.com\/product\/yoast-seo-wordpress\/ -->\n<title>Configura\u00e7\u00e3o de Conta de Mail Profissional no Outlook - grupoQUERO<\/title>\n<meta name=\"robots\" content=\"index, follow, max-snippet:-1, max-image-preview:large, max-video-preview:-1\" \/>\n<link rel=\"canonical\" href=\"https:\/\/grupoquero.pt\/loja\/configuracao-de-conta-de-mail-profissional-no-outlook\/\" \/>\n<meta property=\"og:locale\" content=\"pt_PT\" \/>\n<meta property=\"og:type\" content=\"article\" \/>\n<meta property=\"og:title\" content=\"Configura\u00e7\u00e3o de Conta de Mail Profissional no Outlook - grupoQUERO\" \/>\n<meta property=\"og:description\" content=\"Para proceder \u00e0 configura\u00e7\u00e3o de conta de email em cliente de email Outlook dever\u00e1 seguir os passos abaixo apresentados: 1) abrir o Outlook &nbsp; 2) Mudar para o MENU\u00a0 &#8220;FILE&#8221; \/ Info \/ + ADICIONAR CONTA &nbsp; 3) Na nova janela, adicione o seu mail profissional (+AddAccount) exemplo: geral@dominio.tld (Dever\u00e1 substituir \u201cdominio.tld\u201d pelo seu dom\u00ednio) [&hellip;]\" \/>\n<meta property=\"og:url\" content=\"https:\/\/grupoquero.pt\/loja\/configuracao-de-conta-de-mail-profissional-no-outlook\/\" \/>\n<meta property=\"og:site_name\" content=\"grupoQUERO\" \/>\n<meta property=\"article:publisher\" content=\"https:\/\/www.facebook.com\/grupoquero.pt\" \/>\n<meta property=\"article:published_time\" content=\"2021-07-30T17:08:18+00:00\" \/>\n<meta property=\"article:modified_time\" content=\"2026-03-28T10:33:05+00:00\" \/>\n<meta property=\"og:image\" content=\"https:\/\/grupoquero.pt\/loja\/wp-content\/uploads\/BN-Mail-no-outlook_1100x380.jpg\" \/>\n\t<meta property=\"og:image:width\" content=\"1100\" \/>\n\t<meta property=\"og:image:height\" content=\"380\" \/>\n\t<meta property=\"og:image:type\" content=\"image\/jpeg\" \/>\n<meta name=\"author\" content=\"Rui Lindeza\" \/>\n<meta name=\"twitter:card\" content=\"summary_large_image\" \/>\n<meta name=\"twitter:label1\" content=\"Escrito por\" \/>\n\t<meta name=\"twitter:data1\" content=\"Rui Lindeza\" \/>\n\t<meta name=\"twitter:label2\" content=\"Tempo estimado de leitura\" \/>\n\t<meta name=\"twitter:data2\" content=\"4 minutos\" \/>\n<script type=\"application\/ld+json\" class=\"yoast-schema-graph\">{\"@context\":\"https:\\\/\\\/schema.org\",\"@graph\":[{\"@type\":\"Article\",\"@id\":\"https:\\\/\\\/grupoquero.pt\\\/loja\\\/configuracao-de-conta-de-mail-profissional-no-outlook\\\/#article\",\"isPartOf\":{\"@id\":\"https:\\\/\\\/grupoquero.pt\\\/loja\\\/configuracao-de-conta-de-mail-profissional-no-outlook\\\/\"},\"author\":{\"name\":\"Rui Lindeza\",\"@id\":\"https:\\\/\\\/grupoquero.pt\\\/loja\\\/#\\\/schema\\\/person\\\/35647c2df0aa334a76e20af092935b24\"},\"headline\":\"Configura\u00e7\u00e3o de Conta de Mail Profissional no Outlook\",\"datePublished\":\"2021-07-30T17:08:18+00:00\",\"dateModified\":\"2026-03-28T10:33:05+00:00\",\"mainEntityOfPage\":{\"@id\":\"https:\\\/\\\/grupoquero.pt\\\/loja\\\/configuracao-de-conta-de-mail-profissional-no-outlook\\\/\"},\"wordCount\":318,\"publisher\":{\"@id\":\"https:\\\/\\\/grupoquero.pt\\\/loja\\\/#organization\"},\"image\":{\"@id\":\"https:\\\/\\\/grupoquero.pt\\\/loja\\\/configuracao-de-conta-de-mail-profissional-no-outlook\\\/#primaryimage\"},\"thumbnailUrl\":\"https:\\\/\\\/grupoquero.pt\\\/loja\\\/wp-content\\\/uploads\\\/BN-Mail-no-outlook_1100x380.jpg\",\"keywords\":[\"imap\",\"Mail pessoal\",\"Mail profissional\",\"Mailmarketing\",\"Outlook\",\"Pop3\"],\"articleSection\":[\"E-mail\",\"queroSITE\"],\"inLanguage\":\"pt-PT\"},{\"@type\":\"WebPage\",\"@id\":\"https:\\\/\\\/grupoquero.pt\\\/loja\\\/configuracao-de-conta-de-mail-profissional-no-outlook\\\/\",\"url\":\"https:\\\/\\\/grupoquero.pt\\\/loja\\\/configuracao-de-conta-de-mail-profissional-no-outlook\\\/\",\"name\":\"Configura\u00e7\u00e3o de Conta de Mail Profissional no Outlook - grupoQUERO\",\"isPartOf\":{\"@id\":\"https:\\\/\\\/grupoquero.pt\\\/loja\\\/#website\"},\"primaryImageOfPage\":{\"@id\":\"https:\\\/\\\/grupoquero.pt\\\/loja\\\/configuracao-de-conta-de-mail-profissional-no-outlook\\\/#primaryimage\"},\"image\":{\"@id\":\"https:\\\/\\\/grupoquero.pt\\\/loja\\\/configuracao-de-conta-de-mail-profissional-no-outlook\\\/#primaryimage\"},\"thumbnailUrl\":\"https:\\\/\\\/grupoquero.pt\\\/loja\\\/wp-content\\\/uploads\\\/BN-Mail-no-outlook_1100x380.jpg\",\"datePublished\":\"2021-07-30T17:08:18+00:00\",\"dateModified\":\"2026-03-28T10:33:05+00:00\",\"breadcrumb\":{\"@id\":\"https:\\\/\\\/grupoquero.pt\\\/loja\\\/configuracao-de-conta-de-mail-profissional-no-outlook\\\/#breadcrumb\"},\"inLanguage\":\"pt-PT\",\"potentialAction\":[{\"@type\":\"ReadAction\",\"target\":[\"https:\\\/\\\/grupoquero.pt\\\/loja\\\/configuracao-de-conta-de-mail-profissional-no-outlook\\\/\"]}]},{\"@type\":\"ImageObject\",\"inLanguage\":\"pt-PT\",\"@id\":\"https:\\\/\\\/grupoquero.pt\\\/loja\\\/configuracao-de-conta-de-mail-profissional-no-outlook\\\/#primaryimage\",\"url\":\"https:\\\/\\\/grupoquero.pt\\\/loja\\\/wp-content\\\/uploads\\\/BN-Mail-no-outlook_1100x380.jpg\",\"contentUrl\":\"https:\\\/\\\/grupoquero.pt\\\/loja\\\/wp-content\\\/uploads\\\/BN-Mail-no-outlook_1100x380.jpg\",\"width\":1100,\"height\":380},{\"@type\":\"BreadcrumbList\",\"@id\":\"https:\\\/\\\/grupoquero.pt\\\/loja\\\/configuracao-de-conta-de-mail-profissional-no-outlook\\\/#breadcrumb\",\"itemListElement\":[{\"@type\":\"ListItem\",\"position\":1,\"name\":\"Home\",\"item\":\"https:\\\/\\\/grupoquero.pt\\\/loja\\\/\"},{\"@type\":\"ListItem\",\"position\":2,\"name\":\"Configura\u00e7\u00e3o de Conta de Mail Profissional no Outlook\"}]},{\"@type\":\"WebSite\",\"@id\":\"https:\\\/\\\/grupoquero.pt\\\/loja\\\/#website\",\"url\":\"https:\\\/\\\/grupoquero.pt\\\/loja\\\/\",\"name\":\"grupoQUERO - atelier\",\"description\":\"webdesign, Personaliza\u00e7\u00e3o e Print\",\"publisher\":{\"@id\":\"https:\\\/\\\/grupoquero.pt\\\/loja\\\/#organization\"},\"potentialAction\":[{\"@type\":\"SearchAction\",\"target\":{\"@type\":\"EntryPoint\",\"urlTemplate\":\"https:\\\/\\\/grupoquero.pt\\\/loja\\\/?s={search_term_string}\"},\"query-input\":{\"@type\":\"PropertyValueSpecification\",\"valueRequired\":true,\"valueName\":\"search_term_string\"}}],\"inLanguage\":\"pt-PT\"},{\"@type\":\"Organization\",\"@id\":\"https:\\\/\\\/grupoquero.pt\\\/loja\\\/#organization\",\"name\":\"grupoQUERO - atelier\",\"url\":\"https:\\\/\\\/grupoquero.pt\\\/loja\\\/\",\"logo\":{\"@type\":\"ImageObject\",\"inLanguage\":\"pt-PT\",\"@id\":\"https:\\\/\\\/grupoquero.pt\\\/loja\\\/#\\\/schema\\\/logo\\\/image\\\/\",\"url\":\"https:\\\/\\\/grupoquero.pt\\\/loja\\\/wp-content\\\/uploads\\\/Logotipo-grupoQUERO-1.png\",\"contentUrl\":\"https:\\\/\\\/grupoquero.pt\\\/loja\\\/wp-content\\\/uploads\\\/Logotipo-grupoQUERO-1.png\",\"width\":413,\"height\":148,\"caption\":\"grupoQUERO - atelier\"},\"image\":{\"@id\":\"https:\\\/\\\/grupoquero.pt\\\/loja\\\/#\\\/schema\\\/logo\\\/image\\\/\"},\"sameAs\":[\"https:\\\/\\\/www.facebook.com\\\/grupoquero.pt\"]},{\"@type\":\"Person\",\"@id\":\"https:\\\/\\\/grupoquero.pt\\\/loja\\\/#\\\/schema\\\/person\\\/35647c2df0aa334a76e20af092935b24\",\"name\":\"Rui Lindeza\",\"image\":{\"@type\":\"ImageObject\",\"inLanguage\":\"pt-PT\",\"@id\":\"https:\\\/\\\/secure.gravatar.com\\\/avatar\\\/bf00a324ed7f5f921ec2747e46269fc7f51cee5c02b5d8cbd54736c4637be6b7?s=96&d=mm&r=g\",\"url\":\"https:\\\/\\\/secure.gravatar.com\\\/avatar\\\/bf00a324ed7f5f921ec2747e46269fc7f51cee5c02b5d8cbd54736c4637be6b7?s=96&d=mm&r=g\",\"contentUrl\":\"https:\\\/\\\/secure.gravatar.com\\\/avatar\\\/bf00a324ed7f5f921ec2747e46269fc7f51cee5c02b5d8cbd54736c4637be6b7?s=96&d=mm&r=g\",\"caption\":\"Rui Lindeza\"},\"url\":\"https:\\\/\\\/grupoquero.pt\\\/loja\\\/author\\\/rui-lindeza\\\/\"}]}<\/script>\n<!-- \/ Yoast SEO plugin. -->","yoast_head_json":{"title":"Configura\u00e7\u00e3o de Conta de Mail Profissional no Outlook - grupoQUERO","robots":{"index":"index","follow":"follow","max-snippet":"max-snippet:-1","max-image-preview":"max-image-preview:large","max-video-preview":"max-video-preview:-1"},"canonical":"https:\/\/grupoquero.pt\/loja\/configuracao-de-conta-de-mail-profissional-no-outlook\/","og_locale":"pt_PT","og_type":"article","og_title":"Configura\u00e7\u00e3o de Conta de Mail Profissional no Outlook - grupoQUERO","og_description":"Para proceder \u00e0 configura\u00e7\u00e3o de conta de email em cliente de email Outlook dever\u00e1 seguir os passos abaixo apresentados: 1) abrir o Outlook &nbsp; 2) Mudar para o MENU\u00a0 &#8220;FILE&#8221; \/ Info \/ + ADICIONAR CONTA &nbsp; 3) Na nova janela, adicione o seu mail profissional (+AddAccount) exemplo: geral@dominio.tld (Dever\u00e1 substituir \u201cdominio.tld\u201d pelo seu dom\u00ednio) [&hellip;]","og_url":"https:\/\/grupoquero.pt\/loja\/configuracao-de-conta-de-mail-profissional-no-outlook\/","og_site_name":"grupoQUERO","article_publisher":"https:\/\/www.facebook.com\/grupoquero.pt","article_published_time":"2021-07-30T17:08:18+00:00","article_modified_time":"2026-03-28T10:33:05+00:00","og_image":[{"width":1100,"height":380,"url":"https:\/\/grupoquero.pt\/loja\/wp-content\/uploads\/BN-Mail-no-outlook_1100x380.jpg","type":"image\/jpeg"}],"author":"Rui Lindeza","twitter_card":"summary_large_image","twitter_misc":{"Escrito por":"Rui Lindeza","Tempo estimado de leitura":"4 minutos"},"schema":{"@context":"https:\/\/schema.org","@graph":[{"@type":"Article","@id":"https:\/\/grupoquero.pt\/loja\/configuracao-de-conta-de-mail-profissional-no-outlook\/#article","isPartOf":{"@id":"https:\/\/grupoquero.pt\/loja\/configuracao-de-conta-de-mail-profissional-no-outlook\/"},"author":{"name":"Rui Lindeza","@id":"https:\/\/grupoquero.pt\/loja\/#\/schema\/person\/35647c2df0aa334a76e20af092935b24"},"headline":"Configura\u00e7\u00e3o de Conta de Mail Profissional no Outlook","datePublished":"2021-07-30T17:08:18+00:00","dateModified":"2026-03-28T10:33:05+00:00","mainEntityOfPage":{"@id":"https:\/\/grupoquero.pt\/loja\/configuracao-de-conta-de-mail-profissional-no-outlook\/"},"wordCount":318,"publisher":{"@id":"https:\/\/grupoquero.pt\/loja\/#organization"},"image":{"@id":"https:\/\/grupoquero.pt\/loja\/configuracao-de-conta-de-mail-profissional-no-outlook\/#primaryimage"},"thumbnailUrl":"https:\/\/grupoquero.pt\/loja\/wp-content\/uploads\/BN-Mail-no-outlook_1100x380.jpg","keywords":["imap","Mail pessoal","Mail profissional","Mailmarketing","Outlook","Pop3"],"articleSection":["E-mail","queroSITE"],"inLanguage":"pt-PT"},{"@type":"WebPage","@id":"https:\/\/grupoquero.pt\/loja\/configuracao-de-conta-de-mail-profissional-no-outlook\/","url":"https:\/\/grupoquero.pt\/loja\/configuracao-de-conta-de-mail-profissional-no-outlook\/","name":"Configura\u00e7\u00e3o de Conta de Mail Profissional no Outlook - grupoQUERO","isPartOf":{"@id":"https:\/\/grupoquero.pt\/loja\/#website"},"primaryImageOfPage":{"@id":"https:\/\/grupoquero.pt\/loja\/configuracao-de-conta-de-mail-profissional-no-outlook\/#primaryimage"},"image":{"@id":"https:\/\/grupoquero.pt\/loja\/configuracao-de-conta-de-mail-profissional-no-outlook\/#primaryimage"},"thumbnailUrl":"https:\/\/grupoquero.pt\/loja\/wp-content\/uploads\/BN-Mail-no-outlook_1100x380.jpg","datePublished":"2021-07-30T17:08:18+00:00","dateModified":"2026-03-28T10:33:05+00:00","breadcrumb":{"@id":"https:\/\/grupoquero.pt\/loja\/configuracao-de-conta-de-mail-profissional-no-outlook\/#breadcrumb"},"inLanguage":"pt-PT","potentialAction":[{"@type":"ReadAction","target":["https:\/\/grupoquero.pt\/loja\/configuracao-de-conta-de-mail-profissional-no-outlook\/"]}]},{"@type":"ImageObject","inLanguage":"pt-PT","@id":"https:\/\/grupoquero.pt\/loja\/configuracao-de-conta-de-mail-profissional-no-outlook\/#primaryimage","url":"https:\/\/grupoquero.pt\/loja\/wp-content\/uploads\/BN-Mail-no-outlook_1100x380.jpg","contentUrl":"https:\/\/grupoquero.pt\/loja\/wp-content\/uploads\/BN-Mail-no-outlook_1100x380.jpg","width":1100,"height":380},{"@type":"BreadcrumbList","@id":"https:\/\/grupoquero.pt\/loja\/configuracao-de-conta-de-mail-profissional-no-outlook\/#breadcrumb","itemListElement":[{"@type":"ListItem","position":1,"name":"Home","item":"https:\/\/grupoquero.pt\/loja\/"},{"@type":"ListItem","position":2,"name":"Configura\u00e7\u00e3o de Conta de Mail Profissional no Outlook"}]},{"@type":"WebSite","@id":"https:\/\/grupoquero.pt\/loja\/#website","url":"https:\/\/grupoquero.pt\/loja\/","name":"grupoQUERO - atelier","description":"webdesign, Personaliza\u00e7\u00e3o e Print","publisher":{"@id":"https:\/\/grupoquero.pt\/loja\/#organization"},"potentialAction":[{"@type":"SearchAction","target":{"@type":"EntryPoint","urlTemplate":"https:\/\/grupoquero.pt\/loja\/?s={search_term_string}"},"query-input":{"@type":"PropertyValueSpecification","valueRequired":true,"valueName":"search_term_string"}}],"inLanguage":"pt-PT"},{"@type":"Organization","@id":"https:\/\/grupoquero.pt\/loja\/#organization","name":"grupoQUERO - atelier","url":"https:\/\/grupoquero.pt\/loja\/","logo":{"@type":"ImageObject","inLanguage":"pt-PT","@id":"https:\/\/grupoquero.pt\/loja\/#\/schema\/logo\/image\/","url":"https:\/\/grupoquero.pt\/loja\/wp-content\/uploads\/Logotipo-grupoQUERO-1.png","contentUrl":"https:\/\/grupoquero.pt\/loja\/wp-content\/uploads\/Logotipo-grupoQUERO-1.png","width":413,"height":148,"caption":"grupoQUERO - atelier"},"image":{"@id":"https:\/\/grupoquero.pt\/loja\/#\/schema\/logo\/image\/"},"sameAs":["https:\/\/www.facebook.com\/grupoquero.pt"]},{"@type":"Person","@id":"https:\/\/grupoquero.pt\/loja\/#\/schema\/person\/35647c2df0aa334a76e20af092935b24","name":"Rui Lindeza","image":{"@type":"ImageObject","inLanguage":"pt-PT","@id":"https:\/\/secure.gravatar.com\/avatar\/bf00a324ed7f5f921ec2747e46269fc7f51cee5c02b5d8cbd54736c4637be6b7?s=96&d=mm&r=g","url":"https:\/\/secure.gravatar.com\/avatar\/bf00a324ed7f5f921ec2747e46269fc7f51cee5c02b5d8cbd54736c4637be6b7?s=96&d=mm&r=g","contentUrl":"https:\/\/secure.gravatar.com\/avatar\/bf00a324ed7f5f921ec2747e46269fc7f51cee5c02b5d8cbd54736c4637be6b7?s=96&d=mm&r=g","caption":"Rui Lindeza"},"url":"https:\/\/grupoquero.pt\/loja\/author\/rui-lindeza\/"}]}},"_links":{"self":[{"href":"https:\/\/grupoquero.pt\/loja\/wp-json\/wp\/v2\/posts\/13185","targetHints":{"allow":["GET"]}}],"collection":[{"href":"https:\/\/grupoquero.pt\/loja\/wp-json\/wp\/v2\/posts"}],"about":[{"href":"https:\/\/grupoquero.pt\/loja\/wp-json\/wp\/v2\/types\/post"}],"author":[{"embeddable":true,"href":"https:\/\/grupoquero.pt\/loja\/wp-json\/wp\/v2\/users\/113"}],"replies":[{"embeddable":true,"href":"https:\/\/grupoquero.pt\/loja\/wp-json\/wp\/v2\/comments?post=13185"}],"version-history":[{"count":7,"href":"https:\/\/grupoquero.pt\/loja\/wp-json\/wp\/v2\/posts\/13185\/revisions"}],"predecessor-version":[{"id":31488,"href":"https:\/\/grupoquero.pt\/loja\/wp-json\/wp\/v2\/posts\/13185\/revisions\/31488"}],"wp:featuredmedia":[{"embeddable":true,"href":"https:\/\/grupoquero.pt\/loja\/wp-json\/wp\/v2\/media\/13190"}],"wp:attachment":[{"href":"https:\/\/grupoquero.pt\/loja\/wp-json\/wp\/v2\/media?parent=13185"}],"wp:term":[{"taxonomy":"category","embeddable":true,"href":"https:\/\/grupoquero.pt\/loja\/wp-json\/wp\/v2\/categories?post=13185"},{"taxonomy":"post_tag","embeddable":true,"href":"https:\/\/grupoquero.pt\/loja\/wp-json\/wp\/v2\/tags?post=13185"}],"curies":[{"name":"wp","href":"https:\/\/api.w.org\/{rel}","templated":true}]}}